{"id":304,"date":"2021-06-14T12:31:06","date_gmt":"2021-06-14T10:31:06","guid":{"rendered":"https:\/\/www.textforadling.se\/?p=304"},"modified":"2021-11-11T10:46:07","modified_gmt":"2021-11-11T09:46:07","slug":"varstingersaler","status":"publish","type":"post","link":"https:\/\/www.textforadling.se\/index.php\/2021\/06\/14\/varstingersaler\/","title":{"rendered":"V\u00e4rstingversaler"},"content":{"rendered":"<p>Som om s\u00e4rskrivningar inte var illa nog. Nu dyker de omotiverade versalerna upp \u00f6verallt, allt oftare och \u2013 k\u00e4nns det som \u2013 allt st\u00f6rre.<\/p>\n<p>S\u00e4rskrivningarna har l\u00e4nge varit en pl\u00e5ga f\u00f6r spr\u00e5kliga purister. Ursprunget till oskicket \u00e4r h\u00f6ljt i dunkel. En och annan riktar g\u00e4rna ett anklagande finger mot en f\u00f6rment f\u00f6rkv\u00e4vande anglifiering av svenskan.<\/p>\n<p>Visst, p\u00e5verkan fr\u00e5n USA och England \u00e4r stor p\u00e5 m\u00e5nga omr\u00e5den, fr\u00e5n kultur och n\u00e4ringsliv till ord och uttryck. Och det \u00e4r ingen orimlig tanke att visst engelskt spr\u00e5kbruk \u2013 precis som ett visst engelskt vokabul\u00e4r \u2013 f\u00e4rgar av sig p\u00e5 v\u00e5rt eget. Men f\u00f6rklaringen h\u00e5ller inte riktigt streck. Det \u00e4r inte sv\u00e5rt att hitta massor av exempel p\u00e5 s\u00e4rskrivningar fr\u00e5n tiden l\u00e5ngt innan engelskan blev v\u00e5rt dominerande andraspr\u00e5k.<\/p>\n<p>P\u00e5 liknande s\u00e4tt \u00e4r det l\u00e4tt att misst\u00e4nka att det \u00e4r n\u00e5gon form av engelskt inflytande som ligger bakom den allt flitigare anv\u00e4ndningen av versaler i svenska texter. Det kan tyckas som en rimlig slutsats med tanke p\u00e5 att stor begynnelsebokstav \u2013 liksom s\u00e4rskrivna ord \u2013 f\u00f6rekommer betydligt oftare i engelskan \u00e4n i svenskan. D\u00e4r \u00e4r det inte bara egennamn och det inledande ordet i en mening som skrivs med versal, utan \u00e4ven namn p\u00e5 veckodagar och m\u00e5nader, yrkestitlar och befattningar, boktitlar och rubriker, bland annat.<\/p>\n<p>Svenskan \u00e4r betydligt mer sparsmakad. Versal \u00e4r i stort sett f\u00f6rbeh\u00e5llet f\u00f6rsta bokstaven i det ord som inleder en mening och egennamn p\u00e5 m\u00e4nniskor, l\u00e4nder, orter, himlakroppar och liknande.<\/p>\n<p>Men m\u00e5nga till synes stora och viktiga f\u00f6reteelser skrivs med sm\u00e5 bokst\u00e4ver. S\u00e5 skrivs exempelvis varken v\u00e5ra h\u00f6gsta beslutande och exekutiva f\u00f6rsamlingar, det vill s\u00e4ga riksdag och regering, med stor bokstav. Det g\u00f6r inte heller v\u00e5ra departement, riksdagsutskott, f\u00f6rsvarsmakten eller dess grenar: flottan, flygvapnet, arm\u00e9n. Yrkesbeteckningar liksom akademiska titlar \u2013 oavsett hur &#8221;fina&#8221; de \u00e4r \u2013 skrivs med gemener, liksom m\u00e5nga f\u00f6rkortningar.<\/p>\n<p>M\u00e5nga av dessa exempel kan tyckas vara egennamn och borde d\u00e4rf\u00f6r skrivas med stor bokstav. Men s\u00e5 \u00e4r allts\u00e5 inte fallet. Inte ens namn p\u00e5 virus bev\u00e4rdigas status av egennamn i svenskan, varf\u00f6r det vittomskrivna covid\u00a019 ska skrivas just s\u00e5, med litet \u201dc\u201d.<\/p>\n<p>F\u00f6r stora ord beh\u00f6ver inte n\u00f6dv\u00e4ndigtvis skrivas med stora bokst\u00e4ver.<\/p>\n<figure id=\"attachment_307\" aria-describedby=\"caption-attachment-307\" style=\"width: 300px\" class=\"wp-caption alignnone\"><img loading=\"lazy\" class=\"wp-image-307 size-medium\" src=\"https:\/\/www.textforadling.se\/wp-content\/uploads\/2021\/06\/Ska\u0308rmavbild-2021-06-14-kl.-12.39.43-300x190.png\" alt=\"\" width=\"300\" height=\"190\" srcset=\"https:\/\/www.textforadling.se\/wp-content\/uploads\/2021\/06\/Ska\u0308rmavbild-2021-06-14-kl.-12.39.43-300x190.png 300w, https:\/\/www.textforadling.se\/wp-content\/uploads\/2021\/06\/Ska\u0308rmavbild-2021-06-14-kl.-12.39.43.png 572w\" sizes=\"(max-width: 300px) 100vw, 300px\" \/><figcaption id=\"caption-attachment-307\" class=\"wp-caption-text\">On\u00f6diga versaler finns snart sagt \u00f6verallt.<\/figcaption><\/figure>\n","protected":false},"excerpt":{"rendered":"<p>Som om s\u00e4rskrivningar inte var illa nog. Nu dyker de omotiverade versalerna upp \u00f6verallt, allt oftare och \u2013 k\u00e4nns det som \u2013 allt st\u00f6rre. S\u00e4rskrivningarna har l\u00e4nge varit en pl\u00e5ga f\u00f6r spr\u00e5kliga purister. Ursprunget till oskicket \u00e4r h\u00f6ljt i dunkel. En och annan riktar g\u00e4rna ett anklagande finger mot en f\u00f6rment f\u00f6rkv\u00e4vande anglifiering av svenskan. [&hellip;]<\/p>\n","protected":false},"author":2,"featured_media":303,"comment_status":"closed","ping_status":"closed","sticky":false,"template":"","format":"standard","meta":[],"categories":[3],"tags":[],"acf":[],"_links":{"self":[{"href":"https:\/\/www.textforadling.se\/index.php\/wp-json\/wp\/v2\/posts\/304"}],"collection":[{"href":"https:\/\/www.textforadling.se\/index.php\/wp-json\/wp\/v2\/posts"}],"about":[{"href":"https:\/\/www.textforadling.se\/index.php\/wp-json\/wp\/v2\/types\/post"}],"author":[{"embeddable":true,"href":"https:\/\/www.textforadling.se\/index.php\/wp-json\/wp\/v2\/users\/2"}],"replies":[{"embeddable":true,"href":"https:\/\/www.textforadling.se\/index.php\/wp-json\/wp\/v2\/comments?post=304"}],"version-history":[{"count":7,"href":"https:\/\/www.textforadling.se\/index.php\/wp-json\/wp\/v2\/posts\/304\/revisions"}],"predecessor-version":[{"id":324,"href":"https:\/\/www.textforadling.se\/index.php\/wp-json\/wp\/v2\/posts\/304\/revisions\/324"}],"wp:featuredmedia":[{"embeddable":true,"href":"https:\/\/www.textforadling.se\/index.php\/wp-json\/wp\/v2\/media\/303"}],"wp:attachment":[{"href":"https:\/\/www.textforadling.se\/index.php\/wp-json\/wp\/v2\/media?parent=304"}],"wp:term":[{"taxonomy":"category","embeddable":true,"href":"https:\/\/www.textforadling.se\/index.php\/wp-json\/wp\/v2\/categories?post=304"},{"taxonomy":"post_tag","embeddable":true,"href":"https:\/\/www.textforadling.se\/index.php\/wp-json\/wp\/v2\/tags?post=304"}],"curies":[{"name":"wp","href":"https:\/\/api.w.org\/{rel}","templated":true}]}}